{"id":10924,"date":"2020-06-25T19:54:54","date_gmt":"2020-06-25T19:54:54","guid":{"rendered":"http:\/\/elsemanarioonl.wpengine.com\/?p=10924"},"modified":"2020-06-25T19:54:54","modified_gmt":"2020-06-25T19:54:54","slug":"una-victoria-para-los-dreamers-pero-hay-mas-trabajo-por-hacer","status":"publish","type":"post","link":"https:\/\/www.elsemanarioonline.com\/es\/una-victoria-para-los-dreamers-pero-hay-mas-trabajo-por-hacer\/","title":{"rendered":"Una Victoria para los Dreamers, Pero Hay M\u00e1s Trabajo Por Hacer"},"content":{"rendered":"<p><!-- VideographyWP Plugin Message: Automatic video embedding prevented by plugin options. --><br \/>\n<strong>Por John Hickenlooper<\/strong><\/p>\n<p><strong><u>\u00a0<\/u><\/strong><\/p>\n<p>La semana pasada casi 15,000 Dreamers de Colorado y sus familias pudieron respirar un gran suspiro de alivio cuando la Corte Suprema de los Estados Unidos fren\u00f3 al Presidente Trump y bloque\u00f3 la terminaci\u00f3n del programa DACA. Los Dreamers de Colorado tienen el mismo derecho de llamar a Colorado su hogar que yo. Pero, la diferencia crucial es que los Dreamers han pasado a\u00f1os viviendo con el miedo de la deportaci\u00f3n del \u00fanico pa\u00eds que conocen.<\/p>\n<p>Los Dreamers est\u00e1n aqu\u00ed para quedarse. No hay duda de que esto es un triunfo. Pero tenemos mucho m\u00e1s que hacer para restaurar la humanidad a nuestro sistema de inmigraci\u00f3n fallido. Hasta que la<em> Ley del Sue\u00f1o y Promesa Estadounidense<\/em> (conocido en ingl\u00e9s como el <em>American Dream and Promise Act<\/em>) sea aprobado y tomemos acci\u00f3n para mantener la unidad de las familias, el Presidente Trump y su pol\u00edtica de temor y miedo tendr\u00e1n demasiado poder en nuestras comunidades. Tenemos que continuar adelante por crear una ruta permanente hacia la ciudadan\u00eda para nuestros Dreamers, y tenemos que empezar lo m\u00e1s pronto posible.<\/p>\n<p>Washington ha intentado, y ha fallado, repetidamente con respecto a la inmigraci\u00f3n. Hace siete a\u00f1os que tuvimos un acuerdo bipartidista acerca de la reforma comprehensiva de inmigraci\u00f3n \u2014 pero Washington antepuso las pol\u00edticas a los resultados. Nuestro propio Senador Cory Gardner, cuando trabajaba en la C\u00e1mara de Diputados de Colorado, se opuso a este proyecto de ley. Esto fue incorrecto \u2014 simple y llanamente.<\/p>\n<blockquote><p>Yo no acepto esta falta de acci\u00f3n. Si soy elegido al Senado, trabajar\u00e9 para aprobar legislaci\u00f3n que valore a nuestros vecinos inmigrantes no por conveniencia econ\u00f3mica, sino como seres humanos buscando construir un mejor futuro para sus familias.<\/p><\/blockquote>\n<p>Yo no acepto esta falta de acci\u00f3n. Si soy elegido al Senado, trabajar\u00e9 para aprobar legislaci\u00f3n que valore a nuestros vecinos inmigrantes no por conveniencia econ\u00f3mica, sino como seres humanos buscando construir un mejor futuro para sus familias. Podemos tener una frontera segura sin separar a familias y sin encarcelar a los ni\u00f1os en jaulas. Financiaremos mejor nuestro sistema inmigratorio para que los casos de los detenidos se puedan juzgar de una manera r\u00e1pida. Vamos a fortalecer los programas de asistencia y reasentamiento para los refugiados.<\/p>\n<p>Tambi\u00e9n tenemos que reformar de manera dr\u00e1stica a ICE \u2014 el gobierno federal no debe financiar ni proteger a una agencia que viola los derechos humanos y los derechos civiles, punto. Necesitamos m\u00e1s ayuda humanitaria y financiera para pa\u00edses como Guatemala, Honduras y El Salvador y necesitamos impedir que este gobierno destroce a las familias migratorias.<\/p>\n<p>Como gobernador, firm\u00e9 legislaci\u00f3n hist\u00f3rica que pag\u00f3 el costo de la matr\u00edcula de las universidades estatales para los Dreamers. Esta ley fue una de las primeras en el pa\u00eds y hemos ayudado a cientos de estudiantes asistir a la universidad. Iniciamos un programa para hacer m\u00e1s seguras nuestras calles cuando dimos licencias para conducir a los inmigrantes indocumentados, facilitando que ellos tengan seguro de carro y que pasen los mismos ex\u00e1menes para conducir que los dem\u00e1s. Tambi\u00e9n revoqu\u00e9 una ley del 2006 que oblig\u00f3 a la polic\u00eda municipal a vigilar las personas sospechadas de ser indocumentadas y reportarlas a ICE.<\/p>\n<p>Cuando Trump termin\u00f3 DACA, Colorado se uni\u00f3 bajo mi liderazgo para demandar la detenci\u00f3n de las deportaciones. El Senador Gardner rehus\u00f3 expresar ning\u00fan remordimiento por sus votos que bloquearon el programa DACA y les fall\u00f3 a los Dreamers de Colorado al no oponerse a Trump. Ahora que estamos en un a\u00f1o electoral, Gardner intenta estafar a la gente de Colorado, pero sabemos su r\u00e9cord y no seremos enga\u00f1ados.<\/p>\n<p>La semana pasada, celebramos a los 700,000 Dreamers que hacen a nuestro pa\u00eds m\u00e1s fuerte \u2014 los doctores, enfermeras, maestras y muchos m\u00e1s. Nuestro trabajo est\u00e1 lejos de terminar. Tenemos la oportunidad de crear el pa\u00eds inclusivo que intentaron formar nuestros fundadores. En el Senado, construir\u00e9 sobre el trabajo que hemos hecho en Colorado y continuar\u00e9 luchando por nuestras comunidades inmigrantes.<\/p>\n<p><em>\u00a0<\/em><\/p>\n<p>John Hickenlooper es ge\u00f3logo, cervecero, due\u00f1o de un peque\u00f1o negocio, el ex-alcalde de Denver y el ex-gobernador de Colorado. Ahora se postula al Senado de los Estados Unidos.<\/p>\n<p>\u00a0<\/p>\n<p><strong>Leer M\u00e1s Comentarios: <\/strong><a href=\"http:\/\/www.elsemanario.us\/\"><strong>WWW.<\/strong><strong>ELSEMANARIO.US<\/strong><\/a><\/p>\n<p>\u00a0<\/p>\n","protected":false},"excerpt":{"rendered":"<p>Por John Hickenlooper \u00a0 La semana pasada casi 15,000 Dreamers de Colorado y sus familias pudieron respirar un gran suspiro de alivio cuando la Corte Suprema de los Estados Unidos&#8230;<\/p>\n","protected":false},"author":403,"featured_media":10923,"comment_status":"open","ping_status":"open","sticky":false,"template":"","format":"standard","meta":{"give_campaign_id":0,"_jetpack_memberships_contains_paid_content":false,"footnotes":""},"categories":[72],"tags":[],"class_list":["post-10924","post","type-post","status-publish","format-standard","has-post-thumbnail","hentry","category-comentario"],"jetpack_featured_media_url":"https:\/\/i0.wp.com\/www.elsemanarioonline.com\/wp-content\/uploads\/2020\/06\/CO-1-Commentary-E-Hickenlooper-1pic-by-Hickenlooper-campaign.jpg?fit=800%2C635&ssl=1","jetpack-related-posts":[],"jetpack_sharing_enabled":true,"_links":{"self":[{"href":"https:\/\/www.elsemanarioonline.com\/es\/wp-json\/wp\/v2\/posts\/10924","targetHints":{"allow":["GET"]}}],"collection":[{"href":"https:\/\/www.elsemanarioonline.com\/es\/wp-json\/wp\/v2\/posts"}],"about":[{"href":"https:\/\/www.elsemanarioonline.com\/es\/wp-json\/wp\/v2\/types\/post"}],"author":[{"embeddable":true,"href":"https:\/\/www.elsemanarioonline.com\/es\/wp-json\/wp\/v2\/users\/403"}],"replies":[{"embeddable":true,"href":"https:\/\/www.elsemanarioonline.com\/es\/wp-json\/wp\/v2\/comments?post=10924"}],"version-history":[{"count":0,"href":"https:\/\/www.elsemanarioonline.com\/es\/wp-json\/wp\/v2\/posts\/10924\/revisions"}],"wp:featuredmedia":[{"embeddable":true,"href":"https:\/\/www.elsemanarioonline.com\/es\/wp-json\/wp\/v2\/media\/10923"}],"wp:attachment":[{"href":"https:\/\/www.elsemanarioonline.com\/es\/wp-json\/wp\/v2\/media?parent=10924"}],"wp:term":[{"taxonomy":"category","embeddable":true,"href":"https:\/\/www.elsemanarioonline.com\/es\/wp-json\/wp\/v2\/categories?post=10924"},{"taxonomy":"post_tag","embeddable":true,"href":"https:\/\/www.elsemanarioonline.com\/es\/wp-json\/wp\/v2\/tags?post=10924"}],"curies":[{"name":"wp","href":"https:\/\/api.w.org\/{rel}","templated":true}]}}