{"id":10855,"date":"2020-06-18T02:41:22","date_gmt":"2020-06-18T02:41:22","guid":{"rendered":"http:\/\/elsemanarioonl.wpengine.com\/?p=10855"},"modified":"2020-06-18T02:41:22","modified_gmt":"2020-06-18T02:41:22","slug":"entrevista-con-thomas-saenz-un-optimista-del-censo","status":"publish","type":"post","link":"https:\/\/www.elsemanarioonline.com\/es\/entrevista-con-thomas-saenz-un-optimista-del-censo\/","title":{"rendered":"Entrevista Con Thomas Saenz: Un Optimista Del Censo"},"content":{"rendered":"<p><!-- VideographyWP Plugin Message: Automatic video embedding prevented by plugin options. --><br \/>\n<strong>by Pilar Marrero<\/strong><\/p>\n<p>\u00a0<\/p>\n<p><strong><em>Nota editorial<\/em><\/strong><em>: En medio de las crecientes preocupaciones sobre los retrasos en la fecha l\u00edmite del censo relacionados con la pandemia, un activista veterano de los derechos al voto encuentra una raz\u00f3n para tener esperanza y ve posibilidades de un aumento en la representaci\u00f3n de grupos desatendidos, especialmente los latinos.<\/em><\/p>\n<p>\u00a0<\/p>\n<p>Thomas Saenz es ese excepcional defensor de los derechos al voto que se mantiene optimista respecto a los retrasos creados por la pandemia del COVID 19 a la hora de llenar los formatos del censo \u2013 y de entregar los datos para el uso en la redistribuci\u00f3n de los distritos electorales.<\/p>\n<blockquote><p>\u201cLas bajas tasas de respuesta eran de esperar. Esta demora da m\u00e1s tiempo no solo a la Oficina del Censo sino tambi\u00e9n a grupos como NALEO, a todos nosotros, para conseguir que m\u00e1s gente responda. Y cuanto m\u00e1s tiempo consigamos, m\u00e1s completo ser\u00e1 el recuento\u201d.<\/p><\/blockquote>\n<p>Thomas Saenz, MALDEF<br \/>\nLos reformadores de la redistribuci\u00f3n de los distritos electorales, como Common Cause, sostienen que demorar la fecha l\u00edmite para los datos utilizados para volver a trazar los distritos electorales para asientos en la C\u00e1mara de EUA y las legislaturas estatales afectar\u00e1 negativamente a las elecciones en varios estados. Han pedido al Congreso la revisi\u00f3n de una petici\u00f3n de parte de la Oficina del Censo para una demora de cuatro meses.<\/p>\n<p>Saenz, presidente y abogado general del Mexican American Legal Defense and Educational Fund (Fondo Mexicoamericano para la Defensa Legal y la Educaci\u00f3n, MALDEF por sus siglas en ingl\u00e9s), ve la demora como una manera de asegurar un recuento censual m\u00e1s exacto. Esa es la clave, alega, para asegurar una representaci\u00f3n pol\u00edtica m\u00e1s justa, ya sea en las juntas escolares, los consejos municipales, los distritos estatales legislativos y congresales \u2013 incluso las elecciones para el perrero local.<\/p>\n<p>A pesar de las bajas tasas de auto-respuesta para las zonas latinas, Saenz cree que hay una verdadera posibilidad para que haya m\u00e1s representaci\u00f3n latina en la redistribuci\u00f3n de los distritos electorales de 2021 en el pa\u00eds.<\/p>\n<p>\u201cLas bajas tasas de respuesta eran de esperar. Esta demora da m\u00e1s tiempo no solo a la Oficina del Censo sino tambi\u00e9n a grupos como NALEO, a todos nosotros, para conseguir que m\u00e1s gente responda. Y cuanto m\u00e1s tiempo consigamos, m\u00e1s completo ser\u00e1 el recuento. Algunas personas tan solo necesitan tiempo para convencerse y a menudo en el calendario ordinario no hay suficiente tiempo para hacerlo\u201d, dice Saenz.<\/p>\n<p>\u201cEsto nunca iba a ser un gran censo debido a que el gobierno de Trump es el m\u00e1s divisivo que nunca ha habido\u201d, agrega Saenz al reflexionar. \u201cPero repito, el tener m\u00e1s tiempo es bueno\u201d.<\/p>\n<p>Saenz fija las esperanzas en el aumento del recuento censual en Tejas, donde los aumentos en la inmigraci\u00f3n latina durante la \u00faltima d\u00e9cada han sido dram\u00e1ticos. \u201cAunque el estado no est\u00e9 invirtiendo dinero en divulgaci\u00f3n, se proyecta que Tejas pueda conseguir hasta tres nuevos asientos en el congreso, y por lo menos uno o dos de ellos deben ser latinos\u201d. Pronostica resistencia por parte de la legislatura estatal, que lleva la redistribuci\u00f3n de los distritos electorales, salvo que los Dem\u00f3cratas consigan la c\u00e1mara estatal en las pr\u00f3ximas elecciones. Entonces, dice, ser\u00e1 otro cantar.<\/p>\n<p>Puede que California, por otro lado, pierda un asiento pero Saenz dice que no ser\u00eda uno latino. \u201cEspero ver un asiento actual que no sea latino convertirse en latino\u201d. Tambi\u00e9n espera ver un aumento en Arizona y posiblemente en Illinois, dado el aumento en la poblaci\u00f3n latina en ambos estados. \u201cIllinois tiene un asiento mayoritario latino y espero que se convierta en dos, si la poblaci\u00f3n ha aumentado all\u00ed como espero que haya sido. Ahora puede ser el momento\u201d.<\/p>\n<p>Normalmente, la redistribuci\u00f3n de los distritos electorales empieza con la entrega de \u201crecuentos de las delimitaciones de distritos\u201d al Presidente antes del 1 de enero \u2013 el recuento total de la poblaci\u00f3n de cada estado y el n\u00famero de asientos congresales a los que tiene derecho cada estado en base a ese recuento. El n\u00famero total de asientos es de 435, pero la poblaci\u00f3n de cada estado decide si ganan o pierden distritos cada 10 a\u00f1os. Los distritos legislativos en base a los datos del censo se vuelven a trazar normalmente el 1 de abril, como muy tarde.<\/p>\n<p>Dado que todo el proceso del Censo se ha retrasado debido a la pandemia, la Oficina del Censo ha pedido al Congreso que prolongue la fecha l\u00edmite para entregar los datos sobre el Congreso hasta el 30 de abril, 2021, y a los estados hasta el 31 de julio, 2020.<\/p>\n<p>Saenz ve posibles beneficios adicionales en el retraso de la redistribuci\u00f3n de la C\u00e1mara de Representantes de finales de diciembre a abril. Puede realmente significar que habr\u00eda un nuevo presidente en el gobierno que no intentar\u00eda descontar a los inmigrantes en el recuento de redistribuci\u00f3n de los distritos electorales, dice Saenz.<\/p>\n<p>En julio del a\u00f1o pasado el gobierno de Trump emiti\u00f3 una orden ejecutiva a los departamentos para que recogieran \u201cdatos de ciudadan\u00eda\u201d para la Oficina del Censo. Es una medida extensamente visto como para armar el caso para que los estados limiten los recuentos de redistribuci\u00f3n de los distritos electorales a solo los ciudadanos \u2013 en vez de inmigrantes. La orden ejecutiva vino a continuaci\u00f3n de la decisi\u00f3n de la Corte Suprema que prohib\u00eda la incorporaci\u00f3n de una pregunta sobre la nacionalidad en el cuestionario del Censo.<\/p>\n<p>Demorar los datos estatales tambi\u00e9n permitir\u00e1 que un nuevo presidente \u201cpare cualquier travesura\u201d acerca del uso de los datos de nacionalidad para excluir a los que no son ciudadanos de la recomposici\u00f3n de distritos legislativos. \u201cUn nuevo gobierno puede entrar de una manera deliberada y parar esa actividad\u2026 Si se necesita m\u00e1s tiempo para recopilar y entregar los datos, no deber\u00edan perder el tiempo en la orden ejecutiva de todas formas. Deben concentrar sus recursos en contar los cuestionarios, y no en exigir a los departamentos que entreguen datos de nacionalidad a la Oficina del Censo\u201d.<\/p>\n<p>Un argumento en contra de posponer los datos es que la redistribuci\u00f3n de los distritos electorales sea un proceso apurado. De nuevo aqu\u00ed, Saenz da una opini\u00f3n pragm\u00e1tica. \u201cEn Tejas siempre es un proceso apurado porque la legislatura solo est\u00e1 en sesi\u00f3n durante dos meses \u2013 marzo y abril \u2013 y tienen un plazo de presentaci\u00f3n anticipado para los candidatos de 2022. En el peor de los casos, puede que tengan que cambiar la fecha l\u00edmite. Para nosotros, si hay una impugnaci\u00f3n legal a la redistribuci\u00f3n de los distritos electorales, ser\u00e1 una carga, pero est\u00e1 bien\u201d.<\/p>\n<p>En California, no es la legislatura la que supervisa la redistribuci\u00f3n de los distritos electorales, sino una comisi\u00f3n de personas designadas. Saenz dice que la comisi\u00f3n puede hacer algo de su trabajo antes de que se emitan los datos, empezando con el testimonio de las comunidades acerca del inter\u00e9s que tengan en ser representadas, \u201cNo sabr\u00e1n los n\u00fameros ni podr\u00e1n promover mapas, pero pueden decir: \u2018No queremos dividir esta zona\u201d.<\/p>\n<p>Los defensores de la redistribuci\u00f3n de los distritos electorales est\u00e1n preocupados por Virginia y Nueva Jersey, que celebran elecciones legislativas en 2021. Saenz dice, \u201cQuiz\u00e1s tengan elecciones sin nuevas l\u00edneas. \u00bfSer\u00eda un desastre? En mi manera de verlo, no lo ser\u00eda\u201d.<\/p>\n<p>Para Saenz, el importante aumento en la poblaci\u00f3n latina durante la \u00faltima d\u00e9cada crear\u00e1 verdaderas oportunidades para m\u00e1s representaci\u00f3n pol\u00edtica en la pr\u00f3xima d\u00e9cada. Tener m\u00e1s tiempo le da motivos para esperar un recuento m\u00e1s exacto.<\/p>\n<p>\u00a0<\/p>\n<p>Pilar Marrero es Editora Colaboradora de <a href=\"https:\/\/ethnicmediaservices.org\/\">Ethnic Media Services.<\/a><\/p>\n<p>\u00a0<\/p>\n<p><strong>Para M\u00e1s Noticias Naci\u00f3nal: <\/strong><a href=\"http:\/\/www.elsemanario.us\/\"><strong>WWW.ELSEMANARIO.US<\/strong><\/a><\/p>\n","protected":false},"excerpt":{"rendered":"<p>by Pilar Marrero \u00a0 Nota editorial: En medio de las crecientes preocupaciones sobre los retrasos en la fecha l\u00edmite del censo relacionados con la pandemia, un activista veterano de los&#8230;<\/p>\n","protected":false},"author":403,"featured_media":10856,"comment_status":"open","ping_status":"open","sticky":false,"template":"","format":"standard","meta":{"give_campaign_id":0,"_jetpack_memberships_contains_paid_content":false,"footnotes":""},"categories":[81],"tags":[],"class_list":["post-10855","post","type-post","status-publish","format-standard","has-post-thumbnail","hentry","category-noticias-nacionales"],"jetpack_featured_media_url":"https:\/\/i0.wp.com\/www.elsemanarioonline.com\/wp-content\/uploads\/2020\/06\/CO-1-Nat-News-S-Census-Saenz-1pic-by-MALDEF-story-Ethnic-Media-Services.jpg?fit=336%2C321&ssl=1","jetpack-related-posts":[],"jetpack_sharing_enabled":true,"_links":{"self":[{"href":"https:\/\/www.elsemanarioonline.com\/es\/wp-json\/wp\/v2\/posts\/10855","targetHints":{"allow":["GET"]}}],"collection":[{"href":"https:\/\/www.elsemanarioonline.com\/es\/wp-json\/wp\/v2\/posts"}],"about":[{"href":"https:\/\/www.elsemanarioonline.com\/es\/wp-json\/wp\/v2\/types\/post"}],"author":[{"embeddable":true,"href":"https:\/\/www.elsemanarioonline.com\/es\/wp-json\/wp\/v2\/users\/403"}],"replies":[{"embeddable":true,"href":"https:\/\/www.elsemanarioonline.com\/es\/wp-json\/wp\/v2\/comments?post=10855"}],"version-history":[{"count":0,"href":"https:\/\/www.elsemanarioonline.com\/es\/wp-json\/wp\/v2\/posts\/10855\/revisions"}],"wp:featuredmedia":[{"embeddable":true,"href":"https:\/\/www.elsemanarioonline.com\/es\/wp-json\/wp\/v2\/media\/10856"}],"wp:attachment":[{"href":"https:\/\/www.elsemanarioonline.com\/es\/wp-json\/wp\/v2\/media?parent=10855"}],"wp:term":[{"taxonomy":"category","embeddable":true,"href":"https:\/\/www.elsemanarioonline.com\/es\/wp-json\/wp\/v2\/categories?post=10855"},{"taxonomy":"post_tag","embeddable":true,"href":"https:\/\/www.elsemanarioonline.com\/es\/wp-json\/wp\/v2\/tags?post=10855"}],"curies":[{"name":"wp","href":"https:\/\/api.w.org\/{rel}","templated":true}]}}