{"id":10763,"date":"2020-06-04T23:11:59","date_gmt":"2020-06-04T23:11:59","guid":{"rendered":"http:\/\/elsemanarioonl.wpengine.com\/?p=10763"},"modified":"2020-06-04T23:11:59","modified_gmt":"2020-06-04T23:11:59","slug":"lideres-del-estado-diganle-a-las-comunidades-cuando-se-libere-la-contaminacion","status":"publish","type":"post","link":"https:\/\/www.elsemanarioonline.com\/es\/lideres-del-estado-diganle-a-las-comunidades-cuando-se-libere-la-contaminacion\/","title":{"rendered":"L\u00edderes del Estado: D\u00edganle a las Comunidades Cuando se Libere la Contaminaci\u00f3n"},"content":{"rendered":"<p><!-- VideographyWP Plugin Message: Automatic video embedding prevented by plugin options. --><br \/>\nEl Comit\u00e9 de Finanzas de la C\u00e1mara de Representantes de Colorado adelant\u00f3 la semana pasada el proyecto de ley de los representantes Adrienne Benavidez y Alex Valdez para proteger a las comunidades de Colorado de los productos qu\u00edmicos t\u00f3xicos que se emiten en muchas refiner\u00edas, f\u00e1bricas, plantas de carb\u00f3n y otras instalaciones.<\/p>\n<p>Estas toxinas del aire impactan fuertemente en las comunidades que viven cerca y pueden causar un n\u00famero de complicaciones de salud documentadas. El proyecto de ley fue aprobado 7-4.<\/p>\n<p>\u00abNuestras comunidades tienen el derecho de saber cuando sus vecinos industriales liberan niveles peligrosos de qu\u00edmicos t\u00f3xicos y mortales en nuestro aire\u00bb, dijo el representante Benavidez, D-Brighton. \u00abTodo coloradense tiene derecho a un aire y agua limpios, y las comunidades que viven a la sombra de estas instalaciones, a menudo comunidades de color y no angloparlantes, deben ser notificadas inmediatamente cuando se liberan sustancias qu\u00edmicas peligrosas\u00bb.<\/p>\n<p>\u00abDurante demasiado tiempo, las instalaciones que liberan sustancias qu\u00edmicas t\u00f3xicas han fallado repetidamente en proporcionar informaci\u00f3n oportuna y precisa a las comunidades cercanas. Esto tiene que terminar\u00bb, dijo el representante Valdez, D-Denver. \u00abNuestro proyecto de ley requerir\u00e1 que Suncor y otras instalaciones que liberan contaminaci\u00f3n t\u00f3xica en el aire notifiquen a sus vecinos cuando liberen niveles da\u00f1inos de qu\u00edmicos mortales para que nuestras comunidades tengan la informaci\u00f3n que necesitan para responder apropiadamente y proteger su salud\u00bb.<\/p>\n<blockquote><p>\u201cLa comunidad negra y morena que vive en las cercan\u00edas de la instalaci\u00f3n se ha visto muy afectada por la pandemia. Sus riesgos de salud han aumentado mucho ahora debido al desprecio de Suncor por la vida humana\u201d.<br \/>\nForo Latino de Colorado\n<\/p><\/blockquote>\n<p>El Foro Latino de Colorado (CLF) denunci\u00f3 la violaci\u00f3n de las normas estatales por parte de Suncor y pidi\u00f3 al Gobernador Jared Polis que protegiera las comunidades circundantes que actualmente corren un mayor riesgo de salud durante la pandemia de COVID-19.<\/p>\n<p>\u00abCLF ha estado investigando los problemas de agua subterr\u00e1nea asociados con Suncor, incluyendo hidrocarburos y qu\u00edmicos PFAS. Escuchar que una vez m\u00e1s est\u00e1n violando las normas y afirmando que todo est\u00e1 bien y dentro de los l\u00edmites es exasperante\u00bb, dijo CLF en una declaraci\u00f3n reciente. \u00abEsta instalaci\u00f3n, una y otra vez, viola los est\u00e1ndares estatales y federales. El Departamento de Salud P\u00fablica y Medio Ambiente de Colorado (CDPHE) se enfrenta actualmente a recortes presupuestarios. Ahora no es el momento de cortar la supervisi\u00f3n de los contaminadores. Suncor ha tenido tres incidentes durante esta pandemia. Seg\u00fan datos del Proyecto de Seguimiento de COVID (covidtracking.com), del total de todos los casos confirmados de COVID-19 en Colorado (83% reportados), el 51% del total confirmado son Negros y Latinos, y de ese, el 27% han muerto. La comunidad negra y morena que vive en las cercan\u00edas de la instalaci\u00f3n se ha visto muy afectada por la pandemia. Sus riesgos de salud han aumentado mucho ahora debido al desprecio de Suncor por la vida humana. Pedimos a la legislatura y al Gobernador Polis que den prioridad a la justicia ambiental como algo cr\u00edtico para la respuesta a COVID y que se refleje en los proyectos de ley que se aprueben en 2020\u00bb.<\/p>\n<p>La contaminaci\u00f3n t\u00f3xica del aire afecta principalmente a quienes viven y trabajan m\u00e1s cerca de las instalaciones, que est\u00e1n formadas principalmente por minor\u00edas y personas de bajos ingresos de Colorado. Algunas de estas toxinas del aire incluyen el <a href=\"https:\/\/emergency.cdc.gov\/agent\/benzene\/basics\/facts.asp\">Benceno,<\/a> que puede causar una variedad de s\u00edntomas incluyendo complicaciones respiratorias, irritaci\u00f3n de los ojos y la piel, dolores de cabeza y m\u00e1s. El <a href=\"https:\/\/www.cdc.gov\/niosh\/ershdb\/emergencyresponsecard_29750038.html\">Cianuro de Hidrogeno, <\/a>otro producto qu\u00edmico com\u00fanmente liberado por f\u00e1bricas, refiner\u00edas y otras entidades de este tipo, puede causar da\u00f1os en el sistema nervioso central, lo que puede provocar dolores de cabeza, mareos, entumecimiento, p\u00e9rdida de la visi\u00f3n y m\u00e1s s\u00edntomas.<\/p>\n<p>El <a href=\"https:\/\/leg.colorado.gov\/bills\/hb20-1265\">HB20-1265<\/a> requiere que las instalaciones lleven a cabo actividades de divulgaci\u00f3n en ingl\u00e9s y espa\u00f1ol y notifiquen a las comunidades circundantes cuando liberen niveles t\u00f3xicos de benceno, cianuro de hidr\u00f3geno y sulfuro de hidr\u00f3geno en el aire. El requisito se aplica a los incidentes previstos o imprevistos, incluso como resultado de un mal funcionamiento, puesta en marcha, cierre, perturbaci\u00f3n o emergencia.<\/p>\n<p>El proyecto de ley cuenta con el apoyo de: Alianza del Pueblo de Colorado (COPA), Sierra Club, Conservaci\u00f3n Colorado, Foro Latino de Colorado, Earthjustice, Western Resource Advocates, Aire y Agua Saludables de Colorado, Environment Colorado, CoPIRG, Mi Familia Vota, Together Colorado, 350 Colorado, Instituto Fiscal de Colorado, Mothers Out Front Colorado, y la Asociaci\u00f3n Nacional de Conservaci\u00f3n de Parques.<\/p>\n<p>\u00a0<\/p>\n<p>Traducci\u00f3n por Juan Carlos Uribe-The Weekly Issue\/El Semanario.<\/p>\n<p><strong>Para Noticias de Colorado: <\/strong><a href=\"http:\/\/elsemanarioonl.wpengine.com\/\"><strong>WWW.ELSEMANARIOCOLORADO.COM<\/strong><\/a><\/p>\n<p>\u00a0<\/p>\n","protected":false},"excerpt":{"rendered":"<p>El Comit\u00e9 de Finanzas de la C\u00e1mara de Representantes de Colorado adelant\u00f3 la semana pasada el proyecto de ley de los representantes Adrienne Benavidez y Alex Valdez para proteger a&#8230;<\/p>\n","protected":false},"author":1,"featured_media":10764,"comment_status":"open","ping_status":"open","sticky":false,"template":"","format":"standard","meta":{"give_campaign_id":0,"_jetpack_memberships_contains_paid_content":false,"footnotes":""},"categories":[71],"tags":[],"class_list":["post-10763","post","type-post","status-publish","format-standard","has-post-thumbnail","hentry","category-estado"],"jetpack_featured_media_url":"https:\/\/i0.wp.com\/www.elsemanarioonline.com\/wp-content\/uploads\/2020\/06\/CO-1-State-E-Colo-Pollution-Legislation-Suncor-1pic-Benavidez-and-Valdez.jpg?fit=2400%2C1800&ssl=1","jetpack-related-posts":[],"jetpack_sharing_enabled":true,"_links":{"self":[{"href":"https:\/\/www.elsemanarioonline.com\/es\/wp-json\/wp\/v2\/posts\/10763","targetHints":{"allow":["GET"]}}],"collection":[{"href":"https:\/\/www.elsemanarioonline.com\/es\/wp-json\/wp\/v2\/posts"}],"about":[{"href":"https:\/\/www.elsemanarioonline.com\/es\/wp-json\/wp\/v2\/types\/post"}],"author":[{"embeddable":true,"href":"https:\/\/www.elsemanarioonline.com\/es\/wp-json\/wp\/v2\/users\/1"}],"replies":[{"embeddable":true,"href":"https:\/\/www.elsemanarioonline.com\/es\/wp-json\/wp\/v2\/comments?post=10763"}],"version-history":[{"count":0,"href":"https:\/\/www.elsemanarioonline.com\/es\/wp-json\/wp\/v2\/posts\/10763\/revisions"}],"wp:featuredmedia":[{"embeddable":true,"href":"https:\/\/www.elsemanarioonline.com\/es\/wp-json\/wp\/v2\/media\/10764"}],"wp:attachment":[{"href":"https:\/\/www.elsemanarioonline.com\/es\/wp-json\/wp\/v2\/media?parent=10763"}],"wp:term":[{"taxonomy":"category","embeddable":true,"href":"https:\/\/www.elsemanarioonline.com\/es\/wp-json\/wp\/v2\/categories?post=10763"},{"taxonomy":"post_tag","embeddable":true,"href":"https:\/\/www.elsemanarioonline.com\/es\/wp-json\/wp\/v2\/tags?post=10763"}],"curies":[{"name":"wp","href":"https:\/\/api.w.org\/{rel}","templated":true}]}}