{"id":10645,"date":"2020-05-08T00:44:02","date_gmt":"2020-05-08T00:44:02","guid":{"rendered":"http:\/\/elsemanarioonl.wpengine.com\/?p=10645"},"modified":"2020-05-08T00:44:02","modified_gmt":"2020-05-08T00:44:02","slug":"no-equilibre-el-presupuesto-a-nuestra-espalda","status":"publish","type":"post","link":"https:\/\/www.elsemanarioonline.com\/es\/no-equilibre-el-presupuesto-a-nuestra-espalda\/","title":{"rendered":"No Equilibre el Presupuesto a Nuestra Espalda"},"content":{"rendered":"<p><!-- VideographyWP Plugin Message: Automatic video embedding prevented by plugin options. --><br \/>\nDusti Gurule<\/p>\n<p>\u00a0<\/p>\n<p>Un presupuesto es m\u00e1s que n\u00fameros, es una declaraci\u00f3n de prioridades. Nos indigna que los legisladores no est\u00e1n considerando nuevas opciones de ingresos a pesar de que nuestras comunidades est\u00e1n sufriendo y no podemos permitir que los recortes propuestos se vean reflejados en el presupuesto. Este presupuesto ense\u00f1a en qu\u00e9 vidas estamos dispuestos a equilibrar el resultado final.<\/p>\n<p>Frecuentemente hemos visto quienes son los que est\u00e1n luchando en nuestro estado y los que no tienen voz en el sistema pol\u00edtico, obviamente son\u00a0los que se ver\u00e1n m\u00e1s perjudicados cuando se le hagan los recortes al presupuesto. El viernes por la ma\u00f1ana despertamos con la noticia de que el gobernador aprob\u00f3 una orden ejecutiva para sacar dinero de los programas cr\u00edticos de salud y servicios humanos, sin previo aviso.<\/p>\n<blockquote><p>El viernes por la ma\u00f1ana despertamos con la noticia de que el gobernador aprob\u00f3 una orden ejecutiva para sacar dinero de los programas cr\u00edticos de salud y servicios humanos, sin previo aviso.<\/p><\/blockquote>\n<p>En lugar de hacer un trabajo m\u00e1s exhaustivo para buscar formas de generar nuevos ingresos, el Comit\u00e9 de Presupuesto Conjunto del estado est\u00e1 considerando recortar miles de millones de d\u00f3lares a programas clave de los que dependen las familias latinx. Estos recortes se producen en un momento en que nuestras familias todav\u00eda est\u00e1n trabajando en primera l\u00ednea durante el virus y se enfrentan a la falta de vivienda, el hambre, las enfermedades mentales y las amenazas a su seguridad debido al impacto de COVID.<\/p>\n<p><strong>Las propuestas actuales incluyen:<\/strong><\/p>\n<p>-Millones en recortes a servicios de salud mental, prevenci\u00f3n de suicidios y servicios para trastornos por abuso de sustancias;<\/p>\n<p>-Recortes al Programa de Cuidado de Indigentes de Colorado, que sirve a personas sin seguro, inmigrantes y familias de bajos ingresos con los servicios de planificaci\u00f3n;<\/p>\n<p>-Una reducci\u00f3n a la financiaci\u00f3n de los centros de salud escolares, que b\u00e1sicamente son la \u00fanica fuente de atenci\u00f3n m\u00e9dica para ni\u00f1os sin seguro;<\/p>\n<p>-Reducci\u00f3n a la financiaci\u00f3n del Programa de C\u00e1ncer Cervical y de Mama, esto ser\u00eda ser\u00eda mortal ya que su tasa m\u00e1s alta de c\u00e1ncer de cuello uterino es en la comunidad de Latinx,\u00a0 y<\/p>\n<p>-Un recorte al Fondo del Programa de Disparidades de Salud, cuyo objetivo es abordar las mismas inequidades en salud que estos recortes propuestos empeorar\u00edan.<\/p>\n<p>La propuesta actual tambi\u00e9n incluye la eliminaci\u00f3n del Child Health Plan Plus, que brinda seguro de salud a m\u00e1s de 75,000 familias en Colorado, y mayores recortes al Fondo de Atenci\u00f3n Primaria, que proporciona pagos a proveedores que atienden a personas sin seguro m\u00e9dico.<\/p>\n<p>Estamos en medio de un momento sin precedentes, un momento en el que las personas luchan por sobrevivir. Y todav\u00eda tenemos que escuchar el plan de los legisladores para ayudar a las personas desproporcionadamente afectadas por el virus cuando lleguemos al otro lado de esta crisis y, sin embargo, aqu\u00ed est\u00e1n presionando por recortes que har\u00e1n m\u00e1s da\u00f1o a nuestras comunidades.<\/p>\n<p>Reconocemos que estamos enfrentando una crisis financiera, pero esperamos, m\u00e1s bien exigimos, que se utilice un proceso deliberativo y democr\u00e1tico para determinar c\u00f3mo equilibrar el presupuesto de nuestro estado. Exigimos a nuestros legisladores que consideren otras opciones de ingresos. No pueden equilibrar el presupuesto sobre la espaldas de nuestra comunidad Latinx y otras comunidades marginadas.<\/p>\n<p>Antes de que se aprueben los recortes, los legisladores deben considerar otras opciones de ingresos y crear un proceso transparente que incluya la oportunidad de que el p\u00fablico y los defensores proporcionen sus comentarios. No pueden hacerlo quienes tienen poder y privilegios sin involucrar a sus comunidades.<\/p>\n<p><strong>Exigimos que los que toman las decisiones:<\/strong><\/p>\n<p>-Expliquen c\u00f3mo se utilizan los $ 1.7B en ayuda financiera del Congreso;<\/p>\n<p>-Miren c\u00f3mo la ayuda financiera federal adicional del Congreso puede ser apropiada para compensar las deficiencias antes de aprobar y recortar;<\/p>\n<p>-Exploren otras oportunidades para equilibrar el presupuesto del estado, incluida la b\u00fasqueda de otras fuentes de ingresos que est\u00e1n permitidas bajo nuestra constituci\u00f3n; y<\/p>\n<p>-Permitan que las partes interesadas, incluyendo a las familias y a las comunidades que ya est\u00e1n desproporcionadamente afectadas por el virus y por los recortes presupuestarios sugeridos, participen en un proceso transparente, deliberativo y democr\u00e1tico.<br \/>\nSeg\u00fan la Constituci\u00f3n de Colorado, el presupuesto estatal no necesita completarse antes del 1 de julio. As\u00ed que tenemos la oportunidad de encontrar soluciones a esta crisis que no solo aseguren la estabilidad econ\u00f3mica futura de nuestro estado, sino tambi\u00e9n el bienestar y la salud de nuestras comunidades. Necesitamos reducir la velocidad y desarrollar un proceso que tenga sentido y no haga recortes crueles que lastimen a los m\u00e1s vulnerables: aquellos que ya est\u00e1n luchando por sobrevivir. Somos mejores que esto, y exigimos m\u00e1s.<\/p>\n<p>\u00a0<\/p>\n<p>Dusti Gurule es la Directora Ejecutiva de la <a href=\"https:\/\/www.colorlatina.org\/\">Organizaci\u00f3n de Colorado para la Oportunidad de las Latinas y los Derechos Reproductivos <\/a>(COLOR).<\/p>\n<p>\u00a0<\/p>\n<p><strong>Para M\u00e1s Comentario de Colorado: <\/strong><a href=\"http:\/\/elsemanarioonl.wpengine.com\/\"><strong>WWW.ELSEMANARIOCOLORADO.COM<\/strong><\/a><\/p>\n<p>\u00a0<\/p>\n<p>\u00a0<\/p>\n","protected":false},"excerpt":{"rendered":"<p>Dusti Gurule \u00a0 Un presupuesto es m\u00e1s que n\u00fameros, es una declaraci\u00f3n de prioridades. Nos indigna que los legisladores no est\u00e1n considerando nuevas opciones de ingresos a pesar de que&#8230;<\/p>\n","protected":false},"author":403,"featured_media":10001,"comment_status":"open","ping_status":"open","sticky":false,"template":"","format":"standard","meta":{"give_campaign_id":0,"_jetpack_memberships_contains_paid_content":false,"footnotes":""},"categories":[72],"tags":[],"class_list":["post-10645","post","type-post","status-publish","format-standard","has-post-thumbnail","hentry","category-comentario"],"jetpack_featured_media_url":"https:\/\/i0.wp.com\/www.elsemanarioonline.com\/wp-content\/uploads\/2020\/01\/CO-1-Commentary-S-Gurule-1pic-by-COLOR-Dusti-Gurule.jpg?fit=216%2C193&ssl=1","jetpack-related-posts":[],"jetpack_sharing_enabled":true,"_links":{"self":[{"href":"https:\/\/www.elsemanarioonline.com\/es\/wp-json\/wp\/v2\/posts\/10645","targetHints":{"allow":["GET"]}}],"collection":[{"href":"https:\/\/www.elsemanarioonline.com\/es\/wp-json\/wp\/v2\/posts"}],"about":[{"href":"https:\/\/www.elsemanarioonline.com\/es\/wp-json\/wp\/v2\/types\/post"}],"author":[{"embeddable":true,"href":"https:\/\/www.elsemanarioonline.com\/es\/wp-json\/wp\/v2\/users\/403"}],"replies":[{"embeddable":true,"href":"https:\/\/www.elsemanarioonline.com\/es\/wp-json\/wp\/v2\/comments?post=10645"}],"version-history":[{"count":0,"href":"https:\/\/www.elsemanarioonline.com\/es\/wp-json\/wp\/v2\/posts\/10645\/revisions"}],"wp:featuredmedia":[{"embeddable":true,"href":"https:\/\/www.elsemanarioonline.com\/es\/wp-json\/wp\/v2\/media\/10001"}],"wp:attachment":[{"href":"https:\/\/www.elsemanarioonline.com\/es\/wp-json\/wp\/v2\/media?parent=10645"}],"wp:term":[{"taxonomy":"category","embeddable":true,"href":"https:\/\/www.elsemanarioonline.com\/es\/wp-json\/wp\/v2\/categories?post=10645"},{"taxonomy":"post_tag","embeddable":true,"href":"https:\/\/www.elsemanarioonline.com\/es\/wp-json\/wp\/v2\/tags?post=10645"}],"curies":[{"name":"wp","href":"https:\/\/api.w.org\/{rel}","templated":true}]}}