{"id":10547,"date":"2020-04-23T20:07:50","date_gmt":"2020-04-23T20:07:50","guid":{"rendered":"http:\/\/elsemanarioonl.wpengine.com\/?p=10547"},"modified":"2020-04-23T20:07:50","modified_gmt":"2020-04-23T20:07:50","slug":"la-comunidad-pide-a-el-gobernador-polis-que-responda-a-la-desigualdad","status":"publish","type":"post","link":"https:\/\/www.elsemanarioonline.com\/es\/la-comunidad-pide-a-el-gobernador-polis-que-responda-a-la-desigualdad\/","title":{"rendered":"La Comunidad Pide a el Gobernador Polis que Responda a la Desigualdad"},"content":{"rendered":"<p><!-- VideographyWP Plugin Message: Automatic video embedding prevented by plugin options. --><br \/>\nAlentados por la decisi\u00f3n del gobernador Polis de comenzar a colectar los datos sobre la raza para todos los casos COVID-19 (pasados y futuros), m\u00e1s de 130 organizaciones, funcionarios electos y profesionales de la salud han firmado una carta insistiendo al gobernador a hacer m\u00e1s al liderar nuestro estado y el pa\u00eds en respuesta a la crisis COVID-19 a trav\u00e9s de una lente de equidad.<\/p>\n<p>COVID-19 ha puesto al descubierto las vastas desigualdades que afectan al pa\u00eds y a este estado. Estamos presenciando las consecuencias de sistemas que durante a\u00f1os han dejado atr\u00e1s comunidades de color. Este es un momento vital, en el que el Gobernador tiene el poder de definir la forma en que nuestro estado responde a la desigualdad y el impacto desproporcionado que esta pandemia est\u00e1 teniendo, especialmente en las comunidades de color. Colorado tiene el poder de ser un innovador y liderar al pa\u00eds para abordar la crisis actual a trav\u00e9s de una lente de equidad.<\/p>\n<p>\u201cEn este momento de crisis, debemos unirnos para asegurarnos de que aquellos que se ven m\u00e1s directamente afectados por COVID-19 no se queden atr\u00e1s. El estado debe actuar r\u00e1pidamente para apoyar a nuestras comunidades y asegurar que las personas de color, asi\u00e1ticas, nativas e inmigrantes no se queden solas para sobrevivir a esta crisis. Debemos asegurarnos de que las comunidades de color reciban la atenci\u00f3n y el apoyo que tan desesperadamente necesitan en este momento y debemos luchar para acabar con las desigualdades en nuestro estado ahora y en el futuro,\u201d Lizeth Chac\u00f3n, Directora Exjecutiva de Colorado People&#8217;s Alliance (COPA).<\/p>\n<p>Estamos insistiendo al Gobernado Polis a:<\/p>\n<blockquote><p>\u201cEl estado debe actuar r\u00e1pidamente para apoyar a nuestras comunidades y asegurar que las personas de color, asi\u00e1ticas, nativas e inmigrantes no se queden solas para sobrevivir a esta crisis\u201d.<br \/>\nLizeth Chac\u00f3n, COPA\n<\/p><\/blockquote>\n<p><strong>Colectar e informe datos de coronavirus por demograf\u00eda<\/strong>. Los datos son un componente cr\u00edtico para comprender la progresi\u00f3n, la propagaci\u00f3n y las medidas de contenci\u00f3n necesarias en una crisis de salud p\u00fablica. Como tal, estamos solicitando que el Gobernador ordene al Departamento de Salud P\u00fablica y Medio Ambiente de Colorado y al Departamento de Pol\u00edticas y Financiamiento de Atenci\u00f3n M\u00e9dica que publiquen una variedad de datos sobre el coronavirus. Espec\u00edficamente, tasas ajustadas por edad por 100,000 por raza \/ etnia en incidencia, prevalencia, tasas de mortalidad, tasas de detecci\u00f3n, ingresos a la Unidad de Cuidados Intensivos (UCI), datos de reingresos y costo de la atenci\u00f3n. Como complemento, solicitamos al Estado que informe la distribuci\u00f3n geogr\u00e1fica de estos datos y documente los \u00abpuntos cr\u00edticos\u00bb por condado, ciudad, c\u00f3digo postal y \/ o \u00e1rea censal. Tambi\u00e9n solicitamos que se recopilen e informen datos sobre ingresos. Estos datos son clave para apoyar al Estado y a la comunidad de salud p\u00fablica en general para \u00abdefinir el problema\u00bb, adem\u00e1s de contener la propagaci\u00f3n y los recursos e intervenciones espec\u00edficos donde son m\u00e1s esenciales.<\/p>\n<p><strong>Crear una l\u00ednea directa estatal para trabajadores.<\/strong> Cada vez m\u00e1s, los trabajadores sufren abusos de sus empleadores y se ven amenazados con la posible p\u00e9rdida de su trabajo. Es fundamental que el estado tenga una manera de rastrear a los empleadores que no brindan equipo de protecci\u00f3n a sus empleados o que cumplen con las p\u00f3lizas establecidas por su administraci\u00f3n y tienen una manera de apoyar a los trabajadores que arriesgan sus vidas todos los d\u00edas durante esta pandemia.<\/p>\n<p><strong>Cree una l\u00ednea directa estatal para informar las disparidades de salud.<\/strong> La discriminaci\u00f3n en el entorno m\u00e9dico es real y existe en Colorado. Sabemos de primera mano c\u00f3mo los prejuicios dentro del entorno m\u00e9dico conduce a malos resultados para las personas de color. Llegan informes de todo el pa\u00eds, y en Denver, que las personas de color est\u00e1n siendo rechazadas de los hospitales y es menos probable que ingresen cuando presentan s\u00edntomas de COVID-19. Esto lleva a tasas m\u00e1s altas de UCI para personas de color y tasas m\u00e1s altas del numbero de victimas. Colorado deber\u00eda crear una l\u00ednea directa en todo el estado, posiblemente 211, donde las personas pueden denunciar discriminaci\u00f3n y las tendencias pueden ser reportadas al personal hospitalario apropiado para rectificar r\u00e1pidamente. Esto podr\u00eda salvar vidas.<\/p>\n<p><strong>Establezca un fondo de asistencia en efectivo para aquellos con un n\u00famero ITIN.<\/strong> Los residentes de Colorado indocumentados est\u00e1n en camino de ser completamente devastados por la crisis actual. Es fundamental que nuestro estado trabaje para garantizar que ning\u00fan residente de Colorado se quede atr\u00e1s y que brindemos el apoyo desesperadamente necesario para aquellos que se quedar\u00e1n fuera de los programas federales o estatales. Le pedimos al Gobernador Polis que trabaje de inmediato para establecer un fondo de asistencia en efectivo para aquellos con un N\u00famero de Identificaci\u00f3n de Contribuyente Individual (ITIN).<\/p>\n<p><strong>Crear un equipo de respuesta de equidad.<\/strong> Establecer un Comit\u00e9 de Equidad dentro de su Consejo de Estabilizaci\u00f3n Econ\u00f3mica y Crecimiento. Debido al impacto desproporcionado que esta pandemia est\u00e1 teniendo en las comunidades de color, es imperativo que el estado act\u00fae para tener un an\u00e1lisis de los impactos inmediatos y a largo plazo de esta pandemia en las comunidades de color. El comit\u00e9 debe encargarse de coordinar los servicios para garantizar que haya un acceso equitativo a las vacunas y los tratamientos, rastrear el costo de las hospitalizaciones y el tratamiento, analizar el impacto econ\u00f3mico de la pandemia en las comunidades de color, monitorear la distribuci\u00f3n equitativa de los d\u00f3lares de recuperaci\u00f3n para las comunidades de color de fuentes estatales y nacionales, y examinar retrospectivamente la respuesta de los Estados para determinar las lecciones aprendidas para futuras respuestas a la pandemia. El comit\u00e9 debe incluir representantes de diferentes departamentos, l\u00edderes sin fines de lucro, empresas pertenecientes a minor\u00edas y trabajadores.<\/p>\n<p>\u00abEn Colorado, las personas de color est\u00e1n contrayendo desproporcionadamente COVID-19, se les niega atenci\u00f3n m\u00e9dica cuando muestran s\u00edntomas y mueren por el virus\u00bb, dijo la Representante Estatal del distrito 8 Leslie Herod (Dem\u00f3crata de Denver). \u00abPara abordar el impacto que la opresi\u00f3n generacional ha tenido en la salud de las comunidades de color e inmigrantes, necesitamos expandir los datos collectados sobre raza y etnia, permitir que los pacientes informen las disparidades de salud a una l\u00ednea directa centralizada y proporcionar apoyo financiero para Los coloradianos se quedaron insensiblemente fuera de la respuesta federal COVID-19.\u201d<\/p>\n<p>&nbsp;<\/p>\n<p><strong>Para Noticias de Colorado: <\/strong><a href=\"http:\/\/elsemanarioonl.wpengine.com\/\"><strong>WWW.ELSEMANARIOCOLORADO.COM<\/strong><\/a><\/p>\n<p>&nbsp;<\/p>\n","protected":false},"excerpt":{"rendered":"<p>Alentados por la decisi\u00f3n del gobernador Polis de comenzar a colectar los datos sobre la raza para todos los casos COVID-19 (pasados y futuros), m\u00e1s de 130 organizaciones, funcionarios electos&#8230;<\/p>\n","protected":false},"author":403,"featured_media":10548,"comment_status":"open","ping_status":"open","sticky":false,"template":"","format":"standard","meta":{"give_campaign_id":0,"_jetpack_memberships_contains_paid_content":false,"footnotes":""},"categories":[71],"tags":[],"class_list":["post-10547","post","type-post","status-publish","format-standard","has-post-thumbnail","hentry","category-estado"],"jetpack_featured_media_url":"https:\/\/i0.wp.com\/www.elsemanarioonline.com\/wp-content\/uploads\/2020\/04\/CO-1-State-S-Colo-COPA-1pic-Depositphotos_40314361_original.jpg?fit=600%2C421&ssl=1","jetpack-related-posts":[],"jetpack_sharing_enabled":true,"_links":{"self":[{"href":"https:\/\/www.elsemanarioonline.com\/es\/wp-json\/wp\/v2\/posts\/10547","targetHints":{"allow":["GET"]}}],"collection":[{"href":"https:\/\/www.elsemanarioonline.com\/es\/wp-json\/wp\/v2\/posts"}],"about":[{"href":"https:\/\/www.elsemanarioonline.com\/es\/wp-json\/wp\/v2\/types\/post"}],"author":[{"embeddable":true,"href":"https:\/\/www.elsemanarioonline.com\/es\/wp-json\/wp\/v2\/users\/403"}],"replies":[{"embeddable":true,"href":"https:\/\/www.elsemanarioonline.com\/es\/wp-json\/wp\/v2\/comments?post=10547"}],"version-history":[{"count":0,"href":"https:\/\/www.elsemanarioonline.com\/es\/wp-json\/wp\/v2\/posts\/10547\/revisions"}],"wp:featuredmedia":[{"embeddable":true,"href":"https:\/\/www.elsemanarioonline.com\/es\/wp-json\/wp\/v2\/media\/10548"}],"wp:attachment":[{"href":"https:\/\/www.elsemanarioonline.com\/es\/wp-json\/wp\/v2\/media?parent=10547"}],"wp:term":[{"taxonomy":"category","embeddable":true,"href":"https:\/\/www.elsemanarioonline.com\/es\/wp-json\/wp\/v2\/categories?post=10547"},{"taxonomy":"post_tag","embeddable":true,"href":"https:\/\/www.elsemanarioonline.com\/es\/wp-json\/wp\/v2\/tags?post=10547"}],"curies":[{"name":"wp","href":"https:\/\/api.w.org\/{rel}","templated":true}]}}