{"id":10512,"date":"2020-04-16T23:28:20","date_gmt":"2020-04-16T23:28:20","guid":{"rendered":"http:\/\/elsemanarioonl.wpengine.com\/?p=10512"},"modified":"2020-04-16T23:28:44","modified_gmt":"2020-04-16T23:28:44","slug":"se-desconocen-las-disparidades-raciales-entre-pacientes-con-covid-19-en-colorado","status":"publish","type":"post","link":"https:\/\/www.elsemanarioonline.com\/es\/se-desconocen-las-disparidades-raciales-entre-pacientes-con-covid-19-en-colorado\/","title":{"rendered":"Se Desconocen: Las Disparidades Raciales Entre Pacientes con COVID-19 en Colorado"},"content":{"rendered":"<p><!-- VideographyWP Plugin Message: Automatic video embedding prevented by plugin options. --><br \/>\n<strong>Por Michael Booth<\/strong><\/p>\n<p>\u00a0<\/p>\n<p>Durante las primeras semanas de la pandemia de COVID-19, los funcionarios del departamento estatal de salud no reunieron activamente datos sobre hospitalizaciones y muertes seg\u00fan grupos raciales o \u00e9tnicos. Por lo tanto, perdieron una oportunidad vital de catalogar y abordar las posibles inequidades en el acceso, el tratamiento y los resultados de las comunidades marginadas. Mientras tanto, otros estados ya notaron que estas comunidades est\u00e1n sufriendo un da\u00f1o excesivo debido al virus.<\/p>\n<blockquote><p>\u201cSabemos que se necesita esa informaci\u00f3n para dise\u00f1ar buenas pol\u00edticas. Debemos tener datos en tiempo real para tomar decisiones en tiempo real, especialmente en momentos como este cuando existe una verdadera crisis\u201d.<br \/>\nMaggie G\u00f3mez, Centro para el Progreso de la Salud\n<\/p><\/blockquote>\n<p>El 8 de abril, ya se hab\u00edan reportado 190 muertes debido a COVID-19 en Colorado y el n\u00famero de casos contin\u00faa aumentando. Pero solo ahora los funcionarios estatales est\u00e1n empezando a solicitar informaci\u00f3n demogr\u00e1fica espec\u00edfica de departamentos de salud y hospitales locales, seg\u00fan el Departamento de Salud P\u00fablica y Medioambiente de Colorado (CDPHE, por sus siglas en ingl\u00e9s). Actualmente, las entidades est\u00e1n reportando datos raciales y \u00e9tnicos de solo aproximadamente el 30 por ciento de los casos comprobados, seg\u00fan dijeron los funcionarios estatales.<\/p>\n<p>La falta de datos es desconcertante para las personas que trabajan a favor de los cuidados de salud, quienes se\u00f1alan la clara evidencia de discriminaci\u00f3n e inequidad que ha existido en emergencias anteriores de salud p\u00fablica, al igual que en los casos de COVID-19 en otros estados con comunidades de color m\u00e1s numerosas. La ausencia de estos datos significa perder la oportunidad de distribuir recursos adicionales entre comunidades m\u00e1s afectadas, modificar pautas para ofrecer tratamiento en donde surjan inequidades y dise\u00f1ar estrategias de control y prevenci\u00f3n para futuros brotes de COVID-19, dijeron.<\/p>\n<p>\u201cSabemos que se necesita esa informaci\u00f3n para dise\u00f1ar buenas pol\u00edticas. Debemos tener datos en tiempo real para tomar decisiones en tiempo real, especialmente en momentos como este cuando existe una verdadera crisis\u201d, dijo Maggie G\u00f3mez, subdirectora del Centro para el Progreso de la Salud (<em>Center for Health Progress<\/em>, en ingl\u00e9s) en Denver. (La organizaci\u00f3n es beneficiaria de The Colorado Trust.)<\/p>\n<p>Si no lo hacemos \u201cpodr\u00eda costar vidas\u201d, agreg\u00f3. \u201cAqu\u00ed, en el Siglo XXI, tenemos las herramientas a la mano, solo tenemos que usarlas\u201d.<\/p>\n<p>\u201cS\u00ed creo que es importante publicar la informaci\u00f3n demogr\u00e1fica. Es importante dise\u00f1ar la respuesta de varias maneras\u201d, dijo Jeff Bontrager, director de evaluaciones y estudios para el Instituto de Salud de Colorado (<em>Colorado Health Institute<\/em> o CHI, en ingl\u00e9s) una organizaci\u00f3n no lucrativa que tambi\u00e9n recibe subsidios de The Colorado Trust.<\/p>\n<p>Los funcionarios estatales de salud reconocieron eso durante una entrevista el mi\u00e9rcoles, 8 de abril, y dijeron que est\u00e1n ejerciendo mayor presi\u00f3n en los laboratorios de pruebas y proveedores para obtener datos raciales y \u00e9tnicos. Tambi\u00e9n dijeron que los protocolos epidemiol\u00f3gicos requieren entrevistar y confirmar a los pacientes, para lo cual se necesita invertir mucho tiempo.<\/p>\n<p>\u201cObviamente, es muy importante entender la poblaci\u00f3n m\u00e1s afectada por esta epidemia\u201d, dijo Rachel Herlihy, doctora en medicina y MPH, la epidemi\u00f3loga del estado.<\/p>\n<p>El Comit\u00e9 de Abogados a favor de Derechos Civiles seg\u00fan la Ley (<em>Lawyers\u2019 Committee for Civil Rights Under Law<\/em>, en ingl\u00e9s), un reconocido grupo especializado en derechos civiles, se uni\u00f3 esta semana a cientos de m\u00e9dicos y activistas para <a href=\"https:\/\/lawyerscommittee.org\/wp-content\/uploads\/2020\/04\/DHHS-Letter-COVID-19.pdf\">demandar<\/a> que los Centros para el Control y la Prevenci\u00f3n de Enfermedades (CDC, por sus siglas en ingl\u00e9s) publiquen a nivel nacional datos demogr\u00e1ficos raciales y otra informaci\u00f3n demogr\u00e1fica sobre pacientes con COVID-19. La carta cit\u00f3 art\u00edculos de publicaciones como <a href=\"https:\/\/www.theatlantic.com\/ideas\/archive\/2020\/04\/stop-looking-away-race-covid-19-victims\/609250\/\">The Atlantic<\/a> y <a href=\"https:\/\/www.propublica.org\/article\/early-data-shows-african-americans-have-contracted-and-died-of-coronavirus-at-an-alarming-rate\">ProPublica<\/a> que demuestran que, aunque los an\u00e1lisis por estado est\u00e1n bastante fragmentados en el mejor de los casos, los datos de estados que s\u00ed est\u00e1n public\u00e1ndolos <a href=\"https:\/\/www.washingtonpost.com\/politics\/government-urged-to-release-race-ethnicity-data-on-covid-19-cases\/2020\/04\/06\/7891aba0-7827-11ea-b6ff-597f170df8f8_story.html\">muestran enormes desigualdades<\/a>.<\/p>\n<p>The Washington Post <a href=\"https:\/\/www.washingtonpost.com\/politics\/government-urged-to-release-race-ethnicity-data-on-covid-19-cases\/2020\/04\/06\/7891aba0-7827-11ea-b6ff-597f170df8f8_story.html\">report\u00f3<\/a> que en Illinois, las personas afroamericanas constituyen el 41 por ciento de las muertes por COVID-19, a pesar de que representan el 14 por ciento de la poblaci\u00f3n en general. En Luisiana, el 70 por ciento de las muertes han sido entre personas afroamericanas, aunque este grupo solo representa el 33 por ciento de la poblaci\u00f3n.<\/p>\n<p>Las personas afroamericanas y latinas que viven en Estados Unidos y Colorado <a href=\"https:\/\/www.coloradotrust.org\/sites\/default\/files\/CT_Race_EthnicityBrief_vFinal2.pdf\">sufren de asma, diabetes y enfermedades card\u00edacas en mayores proporciones que la gente blanca<\/a>; esas condiciones pueden intensificar la gravedad de los pacientes con COVID-19.<\/p>\n<p>Cuando les pedimos datos demogr\u00e1ficos espec\u00edficos sobre sus pacientes con COVID-19, varios hospitales y sistemas m\u00e9dicos importantes en Colorado, espec\u00edficamente Denver Health, UCHealth, SCL Health y Centura Health, no respondieron o dijeron que solo comparten esa informaci\u00f3n con el estado y no pueden compartirla con el p\u00fablico en general.<\/p>\n<p>El Departamento de Salud de Tres Condados (<em>Tri-County Health Department<\/em> o TCHD, en ingl\u00e9s), que abarca a los condados de Adams, Arapahoe y Douglas, <a href=\"https:\/\/www.tchd.org\/823\/Case-Updates\">public\u00f3 m\u00e1s datos demogr\u00e1ficos espec\u00edficos<\/a> sobre sus casos de COVID-19 hasta ahora, incluida informaci\u00f3n racial y \u00e9tnica. De los 1,347 casos positivos en estos condados que se reportaron hasta el mi\u00e9rcoles, 534 fueron en personas blancas, 329 latinas, 123 afroamericanas, 70 asiaticoamericanas y 13 indoamericanas o de las Islas del Pacifico.<\/p>\n<p>John Douglas, Jr., doctor en medicina y director ejecutivo de TCHD, dijo en una declaraci\u00f3n: \u201cCompartimos [estos datos] porque creemos que es un componente importante para caracterizar un problema importante de salud como COVID\u2026 Actualmente, estamos examinando si la enfermedad es m\u00e1s grave entre personas afroamericanas como se ha reportado en otros lugares, [aunque ese an\u00e1lisis] todav\u00eda no se completa\u201d.<\/p>\n<p>El estado actualmente publica informaci\u00f3n demogr\u00e1fica sobre casos de COVID-19 que incluye el pa\u00eds de origen y edad aproximada, como en casos de muertes entre personas de 60 a 69 a\u00f1os de edad. Los datos del estado muestra una gran concentraci\u00f3n de casos graves y muertes en personas mayores de 70. El total acumulado de las 190 muertes por COVID-19 el 8 de abril incluy\u00f3, por ejemplo, m\u00e1s de 140 personas de 70 a\u00f1os en adelante. Este n\u00famero puede ser un reflejo de la gran cantidad de brotes detectados en centros de ancianos con enfermer\u00eda especializada y, seg\u00fan advierten los CDC, el riesgo mayor que enfrentan las personas en edad avanzada.<\/p>\n<p>Las vulnerabilidades que los investigadores deber\u00edan estudiar, G\u00f3mez dijo, incluyen el alto \u00edndice de condiciones de salud relacionadas con el medioambiente en comunidades donde principalmente viven personas de color, especialmente en vecindarios donde hist\u00f3ricamente ha habido m\u00e1s contaminaci\u00f3n industrial y vehicular. Por ejemplo, en el Condado de Pueblo, con una poblaci\u00f3n latina relativamente alta, altos \u00edndices de asma se han asociado anteriormente con las centrales el\u00e9ctricas cercanas alimentadas con carb\u00f3n, G\u00f3mez se\u00f1al\u00f3.<\/p>\n<p>\u201cNo podemos resolver las disparidades en salud si no tenemos los datos adecuados\u201d, dijo. \u201cSabemos que las disparidades han existido durante siglos\u201d.<\/p>\n<p>Bontrager, del CHI, dijo que obtener en tiempo real datos demogr\u00e1ficos espec\u00edficos contribuye a informar iniciativas de salud p\u00fablica de las siguientes formas:<\/p>\n<p>-Las muertes desproporcionadas en ciertas comunidades pueden influir en las iniciativas de educaci\u00f3n sobre salud p\u00fablica al enfocar esfuerzos en ciertos grupos y en la traducci\u00f3n de materiales.<\/p>\n<p>-Los grupos con porcentajes m\u00e1s altos de condiciones peligrosas subyacentes, como enfermedades card\u00edacas o diabetes, podr\u00edan recibir acceso a esfuerzos enfocados en proporcionar m\u00e1s pruebas, tratamiento u oportunidades de distanciamiento.<\/p>\n<p>-Las comunidades donde sabemos que hay personas sin seguro m\u00e9dico o con cobertura insuficiente quiz\u00e1s eviten hacerse la prueba de COVID-19 o buscar atenci\u00f3n m\u00e9dica debido al costo; cambios en las pol\u00edticas p\u00fablicas pueden abordar estos factores.<\/p>\n<p>Sin embargo, tanto Bontrager como G\u00f3mez mencionaron que es importante no usar la informaci\u00f3n demogr\u00e1fica para estigmatizar o invadir la privacidad de ning\u00fan segmento de la comunidad.<\/p>\n<p>\u201cEs importante reconocer que a veces cuando hablamos sobre estas disparidades seg\u00fan el grupo racial o \u00e9tnico, quiz\u00e1s la audiencia piense que ese grupo de personas es la causa del problema\u201d, Bontrager dijo. \u201cNo es algo inherente en el grupo que hace que se vea desproporcionadamente afectado. Quiz\u00e1s sean su ubicaci\u00f3n geogr\u00e1fica, su nivel de ingresos, muchos otros factores de riesgo\u201d.<\/p>\n<p>\u00a0<\/p>\n<p>Michael Booth es un Escritor en Denver, Colorado. Reproducido con permiso de The Colorado Trust (<a href=\"http:\/\/www.coloradotrust.org\/\">www.coloradotrust.org<\/a>).<\/p>\n<p><strong>\u00a0<\/strong><\/p>\n<p><strong>Para Noticias de Colorado: <\/strong><a href=\"http:\/\/elsemanarioonl.wpengine.com\/\"><strong>WWW.ELSEMANARIOCOLORADO.COM<\/strong><\/a><\/p>\n<p>\u00a0<\/p>\n","protected":false},"excerpt":{"rendered":"<p>Por Michael Booth \u00a0 Durante las primeras semanas de la pandemia de COVID-19, los funcionarios del departamento estatal de salud no reunieron activamente datos sobre hospitalizaciones y muertes seg\u00fan grupos&#8230;<\/p>\n","protected":false},"author":403,"featured_media":10513,"comment_status":"open","ping_status":"open","sticky":false,"template":"","format":"standard","meta":{"give_campaign_id":0,"_jetpack_memberships_contains_paid_content":false,"footnotes":""},"categories":[71],"tags":[],"class_list":["post-10512","post","type-post","status-publish","format-standard","has-post-thumbnail","hentry","category-estado"],"jetpack_featured_media_url":"https:\/\/i0.wp.com\/www.elsemanarioonline.com\/wp-content\/uploads\/2020\/04\/CO-1-State-E-Colo-unknown-1pic-by-Joe-Mahoney-Colorado-Trust-permission-COVID-19.jpg?fit=576%2C324&ssl=1","jetpack-related-posts":[],"jetpack_sharing_enabled":true,"_links":{"self":[{"href":"https:\/\/www.elsemanarioonline.com\/es\/wp-json\/wp\/v2\/posts\/10512","targetHints":{"allow":["GET"]}}],"collection":[{"href":"https:\/\/www.elsemanarioonline.com\/es\/wp-json\/wp\/v2\/posts"}],"about":[{"href":"https:\/\/www.elsemanarioonline.com\/es\/wp-json\/wp\/v2\/types\/post"}],"author":[{"embeddable":true,"href":"https:\/\/www.elsemanarioonline.com\/es\/wp-json\/wp\/v2\/users\/403"}],"replies":[{"embeddable":true,"href":"https:\/\/www.elsemanarioonline.com\/es\/wp-json\/wp\/v2\/comments?post=10512"}],"version-history":[{"count":0,"href":"https:\/\/www.elsemanarioonline.com\/es\/wp-json\/wp\/v2\/posts\/10512\/revisions"}],"wp:featuredmedia":[{"embeddable":true,"href":"https:\/\/www.elsemanarioonline.com\/es\/wp-json\/wp\/v2\/media\/10513"}],"wp:attachment":[{"href":"https:\/\/www.elsemanarioonline.com\/es\/wp-json\/wp\/v2\/media?parent=10512"}],"wp:term":[{"taxonomy":"category","embeddable":true,"href":"https:\/\/www.elsemanarioonline.com\/es\/wp-json\/wp\/v2\/categories?post=10512"},{"taxonomy":"post_tag","embeddable":true,"href":"https:\/\/www.elsemanarioonline.com\/es\/wp-json\/wp\/v2\/tags?post=10512"}],"curies":[{"name":"wp","href":"https:\/\/api.w.org\/{rel}","templated":true}]}}