{"id":10395,"date":"2020-03-26T15:06:17","date_gmt":"2020-03-26T15:06:17","guid":{"rendered":"http:\/\/elsemanarioonl.wpengine.com\/?p=10395"},"modified":"2020-03-26T17:46:28","modified_gmt":"2020-03-26T17:46:28","slug":"the-weekly-issue-el-semanario-comenzaremos-nuestra-primera-edicion-digital","status":"publish","type":"post","link":"https:\/\/www.elsemanarioonline.com\/es\/the-weekly-issue-el-semanario-comenzaremos-nuestra-primera-edicion-digital\/","title":{"rendered":"The Weekly Issue\/El Semanario comenzaremos nuestra primera edici\u00f3n digital"},"content":{"rendered":"<p><!-- VideographyWP Plugin Message: Automatic video embedding prevented by plugin options. --><br \/>\nA Nuestros Lectores de El Semanario:<\/p>\n<p>A partir del 26 de marzo de 2020, The Weekly Issue\/El Semanario comenzaremos nuestra primera edici\u00f3n digital, presentando nuestra publicaci\u00f3n completa en forma digital; y suspenderemos temporalmente nuestra publicaci\u00f3n impresa semanal debido a la pandemia de coronavirus.<br \/>\nEstos esfuerzos son para ayudar con las pautas de seguridad y salud recomendadas por los CDC, el estado y los municipios locales.<br \/>\nContinuaremos proporcionando a nuestras comunidades las \u00faltimas actualizaciones sobre los esfuerzos para permanecer seguros, saludables y conocedores de los recursos disponibles en nuestras comunidades.<br \/>\nLa misi\u00f3n de The Weekly Issue\/El Semanario siempre ha sido ayudarse unos a otros. Todos somos resistentes y atravesaremos este dif\u00edcil momento juntos y planearemos el futuro de nuestras comunidades, ayudando a los m\u00e1s necesitados.<\/p>\n<p>Sinceramente,<br \/>\nChris M. Fr\u00e9squez<br \/>\nCEO\/Publicador<\/p>\n<p>\u00a0<\/p>\n","protected":false},"excerpt":{"rendered":"<p>A Nuestros Lectores de El Semanario: A partir del 26 de marzo de 2020, The Weekly Issue\/El Semanario comenzaremos nuestra primera edici\u00f3n digital, presentando nuestra publicaci\u00f3n completa en forma digital;&#8230;<\/p>\n","protected":false},"author":403,"featured_media":10394,"comment_status":"open","ping_status":"open","sticky":false,"template":"","format":"standard","meta":{"give_campaign_id":0,"_jetpack_memberships_contains_paid_content":false,"footnotes":""},"categories":[74],"tags":[],"class_list":["post-10395","post","type-post","status-publish","format-standard","has-post-thumbnail","hentry","category-noticia-de-portada"],"jetpack_featured_media_url":"https:\/\/i0.wp.com\/www.elsemanarioonline.com\/wp-content\/uploads\/2020\/03\/El-Semanario-3.26.20-COVER-e1585242149760.jpg?fit=1089%2C752&ssl=1","jetpack-related-posts":[],"jetpack_sharing_enabled":true,"_links":{"self":[{"href":"https:\/\/www.elsemanarioonline.com\/es\/wp-json\/wp\/v2\/posts\/10395","targetHints":{"allow":["GET"]}}],"collection":[{"href":"https:\/\/www.elsemanarioonline.com\/es\/wp-json\/wp\/v2\/posts"}],"about":[{"href":"https:\/\/www.elsemanarioonline.com\/es\/wp-json\/wp\/v2\/types\/post"}],"author":[{"embeddable":true,"href":"https:\/\/www.elsemanarioonline.com\/es\/wp-json\/wp\/v2\/users\/403"}],"replies":[{"embeddable":true,"href":"https:\/\/www.elsemanarioonline.com\/es\/wp-json\/wp\/v2\/comments?post=10395"}],"version-history":[{"count":0,"href":"https:\/\/www.elsemanarioonline.com\/es\/wp-json\/wp\/v2\/posts\/10395\/revisions"}],"wp:featuredmedia":[{"embeddable":true,"href":"https:\/\/www.elsemanarioonline.com\/es\/wp-json\/wp\/v2\/media\/10394"}],"wp:attachment":[{"href":"https:\/\/www.elsemanarioonline.com\/es\/wp-json\/wp\/v2\/media?parent=10395"}],"wp:term":[{"taxonomy":"category","embeddable":true,"href":"https:\/\/www.elsemanarioonline.com\/es\/wp-json\/wp\/v2\/categories?post=10395"},{"taxonomy":"post_tag","embeddable":true,"href":"https:\/\/www.elsemanarioonline.com\/es\/wp-json\/wp\/v2\/tags?post=10395"}],"curies":[{"name":"wp","href":"https:\/\/api.w.org\/{rel}","templated":true}]}}