{"id":10319,"date":"2020-03-19T03:35:35","date_gmt":"2020-03-19T03:35:35","guid":{"rendered":"http:\/\/elsemanarioonl.wpengine.com\/?p=10319"},"modified":"2020-03-19T03:35:35","modified_gmt":"2020-03-19T03:35:35","slug":"la-alianza-del-pueblo-de-colorado-expresa-indignacion-por-el-segundo-incidente-de-suncor","status":"publish","type":"post","link":"https:\/\/www.elsemanarioonline.com\/es\/la-alianza-del-pueblo-de-colorado-expresa-indignacion-por-el-segundo-incidente-de-suncor\/","title":{"rendered":"La Alianza del Pueblo de Colorado expresa\u00a0Indignaci\u00f3n por el segundo incidente de Suncor"},"content":{"rendered":"<p><!-- VideographyWP Plugin Message: Automatic video embedding prevented by plugin options. --><br \/>\nLa Alianza del Pueblo de Colorado (COPA) ha liderado la lucha por el aire limpio y la rendici\u00f3n de cuentas a los contaminadores corporativos.. Estamos extremadamente enojados y molestos porque corporaciones como Suncor contin\u00faan pidiendo la confianza de la comunidad pero contin\u00faan rompiendo su promesa y act\u00faan de manera irresponsable. No podemos confiar en las corporaciones para regularse a s\u00ed mismas. Debemos actuar y tener soluciones pol\u00edticas reales para que corporaciones como Suncor rindan cuentas por el da\u00f1o que est\u00e1n causando a nuestras comunidades.<\/p>\n<p>Ayer por la tarde, Brighton Boulevard en Commerce City se cerr\u00f3 debido a otro incidente causado por Suncor en el que material de barro estaba congestionando el aire desde la refiner\u00eda. Este es el segundo incidente de materiales desconocidos que contaminan el aire desde diciembre. Estamos indignados por la falta de informaci\u00f3n dada hacia la comunidad sobre el tipo de gases da\u00f1inos a los que estuvieron expuestas las personas en Commerce City.<\/p>\n<p>\u00abNo sab\u00eda que hab\u00eda habido otro incidente. Con todo lo dem\u00e1s sucediendo, estos incidentes est\u00e1n causando m\u00e1s da\u00f1os a la salud de las personas. \u00bfY esto sucedi\u00f3 ayer? \u00bfD\u00f3nde estaba yo? El trabajo paro y estaba en mi casa, pero el mundo all\u00e1 afuera sigue y aparenta ser que Suncor sigue haciendo lo mismo\u00bb, dijo Theresa, residente de Commerce City.<\/p>\n<p>Suncor es uno de los mayores contaminadores del estado y es hora de que sean responsables por el da\u00f1o que est\u00e1n causando al aire y la calidad de vida de la comunidad en la que residen. Desde el \u00faltimo incidente en diciembre, no han creado un plan para evitar que estos incidentes contin\u00faen ocurriendo y han demostrado que no se responsabilizan por el da\u00f1o que est\u00e1n causando y los riesgos para la salud de los trabajadores y la comunidad. Exigimos que restablezcan la fe y la confianza mediante la publicaci\u00f3n de informaci\u00f3n sobre los gases que se han liberado al aire y un plan para evitar que esto contin\u00fae sucediendo.<\/p>\n<p>Colorado People\u2019s Alliance (COPA) es una organizaci\u00f3n de justicia racial dirigida por miembros dedicada a avanzar y ganar un cambio social progresivo a nivel local, estatal y nacional. COPA crea poder para mejorar la vida de todos los habitantes de Colorado a trav\u00e9s del desarrollo de liderazgo, la organizaci\u00f3n y la construcci\u00f3n de alianzas.<\/p>\n<p>\u00a0<\/p>\n<p><strong>Para Noticias de Colorado: <\/strong><a href=\"http:\/\/elsemanarioonl.wpengine.com\/\"><strong>WWW.ELSEMANARIOCOLORADO.COM<\/strong><\/a><\/p>\n<p>\u00a0<\/p>\n<p>\u00a0<\/p>\n","protected":false},"excerpt":{"rendered":"<p>La Alianza del Pueblo de Colorado (COPA) ha liderado la lucha por el aire limpio y la rendici\u00f3n de cuentas a los contaminadores corporativos.. Estamos extremadamente enojados y molestos porque&#8230;<\/p>\n","protected":false},"author":403,"featured_media":1817,"comment_status":"open","ping_status":"open","sticky":false,"template":"","format":"standard","meta":{"give_campaign_id":0,"_jetpack_memberships_contains_paid_content":false,"footnotes":""},"categories":[71],"tags":[],"class_list":["post-10319","post","type-post","status-publish","format-standard","has-post-thumbnail","hentry","category-estado"],"jetpack_featured_media_url":"https:\/\/i0.wp.com\/www.elsemanarioonline.com\/wp-content\/uploads\/2016\/11\/default.jpg?fit=1280%2C800&ssl=1","jetpack-related-posts":[],"jetpack_sharing_enabled":true,"_links":{"self":[{"href":"https:\/\/www.elsemanarioonline.com\/es\/wp-json\/wp\/v2\/posts\/10319","targetHints":{"allow":["GET"]}}],"collection":[{"href":"https:\/\/www.elsemanarioonline.com\/es\/wp-json\/wp\/v2\/posts"}],"about":[{"href":"https:\/\/www.elsemanarioonline.com\/es\/wp-json\/wp\/v2\/types\/post"}],"author":[{"embeddable":true,"href":"https:\/\/www.elsemanarioonline.com\/es\/wp-json\/wp\/v2\/users\/403"}],"replies":[{"embeddable":true,"href":"https:\/\/www.elsemanarioonline.com\/es\/wp-json\/wp\/v2\/comments?post=10319"}],"version-history":[{"count":0,"href":"https:\/\/www.elsemanarioonline.com\/es\/wp-json\/wp\/v2\/posts\/10319\/revisions"}],"wp:featuredmedia":[{"embeddable":true,"href":"https:\/\/www.elsemanarioonline.com\/es\/wp-json\/wp\/v2\/media\/1817"}],"wp:attachment":[{"href":"https:\/\/www.elsemanarioonline.com\/es\/wp-json\/wp\/v2\/media?parent=10319"}],"wp:term":[{"taxonomy":"category","embeddable":true,"href":"https:\/\/www.elsemanarioonline.com\/es\/wp-json\/wp\/v2\/categories?post=10319"},{"taxonomy":"post_tag","embeddable":true,"href":"https:\/\/www.elsemanarioonline.com\/es\/wp-json\/wp\/v2\/tags?post=10319"}],"curies":[{"name":"wp","href":"https:\/\/api.w.org\/{rel}","templated":true}]}}